{"id":740,"date":"2021-11-18T14:32:34","date_gmt":"2021-11-18T14:32:34","guid":{"rendered":"https:\/\/sabinereiser.de\/?p=740"},"modified":"2021-12-01T10:11:52","modified_gmt":"2021-12-01T10:11:52","slug":"islam-in-luxembourg","status":"publish","type":"post","link":"https:\/\/sabinereiser.de\/?p=740","title":{"rendered":"\u201eIslam in Luxembourg\u201c"},"content":{"rendered":"\n<div class=\"wp-block-senff-sticky-block\" data-topspace=\"0\" data-cfa=\"true\" data-minwidth=\"0\" data-maxwidth=\"99999\" data-pushup=\"\" data-zindex=\"1\"><\/div>\n\n\n\n<section class=\"wp-block-uagb-columns uagb-columns__wrap uagb-columns__background-undefined uagb-columns__stack-mobile uagb-columns__valign-undefined uagb-columns__gap-10 alignundefined uagb-block-c46b5383\"><div class=\"uagb-columns__overlay\"><\/div><div class=\"uagb-columns__inner-wrap uagb-columns__columns-1\">\n<div class=\"wp-block-uagb-column uagb-column__wrap uagb-column__background-undefined uagb-block-2d6aa1f9\"><div class=\"uagb-column__overlay\"><\/div><div class=\"uagb-column__inner-wrap\">\n<figure class=\"wp-block-image size-full uag-hide-desktop uag-hide-tab\"><img loading=\"lazy\" decoding=\"async\" width=\"700\" height=\"525\" src=\"https:\/\/sabinereiser.de\/wp-content\/uploads\/2021\/11\/Islamausstellung.jpg\" alt=\"\" class=\"wp-image-743\" srcset=\"https:\/\/sabinereiser.de\/wp-content\/uploads\/2021\/11\/Islamausstellung.jpg 700w, https:\/\/sabinereiser.de\/wp-content\/uploads\/2021\/11\/Islamausstellung-300x225.jpg 300w\" sizes=\"auto, (max-width: 700px) 100vw, 700px\" \/><\/figure>\n<\/div><\/div>\n<\/div><\/section>\n\n\n\n<section class=\"wp-block-uagb-columns uagb-columns__wrap uagb-columns__background-undefined uagb-columns__stack-mobile uagb-columns__valign-undefined uagb-columns__gap-10 alignundefined uagb-columns__reverse-mobile uagb-block-56f5fe80\"><div class=\"uagb-columns__overlay\"><\/div><div class=\"uagb-columns__inner-wrap uagb-columns__columns-2\">\n<div class=\"wp-block-uagb-column uagb-column__wrap uagb-column__background-undefined uagb-block-41aa4307 projekt-daten\"><div class=\"uagb-column__overlay\"><\/div><div class=\"uagb-column__inner-wrap\">\n<figure class=\"wp-block-gallery columns-2 wp-block-gallery-1 is-layout-flex wp-block-gallery-is-layout-flex\"><ul class=\"blocks-gallery-grid\"><li class=\"blocks-gallery-item\"><figure><a href=\"https:\/\/sabinereiser.de\/wp-content\/uploads\/2021\/11\/Islamausstellung.jpg\"><img loading=\"lazy\" decoding=\"async\" width=\"700\" height=\"525\" src=\"https:\/\/sabinereiser.de\/wp-content\/uploads\/2021\/11\/Islamausstellung.jpg\" alt=\"\" data-id=\"743\" class=\"wp-image-743\" srcset=\"https:\/\/sabinereiser.de\/wp-content\/uploads\/2021\/11\/Islamausstellung.jpg 700w, https:\/\/sabinereiser.de\/wp-content\/uploads\/2021\/11\/Islamausstellung-300x225.jpg 300w\" sizes=\"auto, (max-width: 700px) 100vw, 700px\" \/><\/a><\/figure><\/li><\/ul><\/figure>\n<\/div><\/div>\n\n\n\n<div class=\"wp-block-uagb-column uagb-column__wrap uagb-column__background-undefined uagb-block-375d57d6\"><div class=\"uagb-column__overlay\"><\/div><div class=\"uagb-column__inner-wrap\">\n<div class=\"wp-block-senff-sticky-block\" data-topspace=\"0\" data-cfa=\"true\" data-minwidth=\"720\" data-maxwidth=\"99999\" data-pushup=\"\" data-zindex=\"1\">\n<p class=\"has-small-font-size\">Nutzung: Wanderausstellung<br>Ort: Luxemburg<br>BGF: 13 Roll-Ups<\/p>\n\n\n\n<p class=\"has-small-font-size\">Leistung: Grafik der Ausstellung und f\u00fcr den Katalog<br>Jahr 2013<\/p>\n\n\n\n<p class=\"projekt-text has-small-font-size\">Die Ausstellung zeigt wie Islam von Migranten aus Bosnien Herzogowina in Luxembourg gelebt wird. Basis der Ausstellung sind Fotos, Texte und Kartenmaterial in ein abstrahiertes Landschaftspanorama. Jede Tafel hat ein Individuelles Hintergrundbild und ergibt als Ganzes ein dreidimensionales abstraktes Landschaftspanorama in Anlehnung an die Gebirgslandschaft in Bosnien Herzogowina.<br>Die transparenten, farbigen und \u00fcberlagerten Ebenen beschreiben die Vielschichtigkeit der Landschaft und der Bev\u00f6lkerung der dort vorhandenen Glaubensrichtungen.<br>Die Fotos werden mosaikartig im Raster dar\u00fcber angeordnet und stellen das Thema Islam mit einem durchgehenden Textband in den Vordergrund. \u00dcberschriften und einzelne Kommentare ziehen sich in B\u00f6gen wie kleine B\u00e4che durch die Landschaft.<\/p>\n<\/div>\n<\/div><\/div>\n<\/div><\/section>\n\n\n\n<section class=\"wp-block-uagb-columns uagb-columns__wrap uagb-columns__background-undefined uagb-columns__stack-mobile uagb-columns__valign-undefined uagb-columns__gap-10 alignundefined uagb-block-0bc2e942\"><div class=\"uagb-columns__overlay\"><\/div><div class=\"uagb-columns__inner-wrap uagb-columns__columns-1\">\n<div class=\"wp-block-uagb-column uagb-column__wrap uagb-column__background-undefined uagb-block-811fbf3d\"><div class=\"uagb-column__overlay\"><\/div><div class=\"uagb-column__inner-wrap\">\n<figure class=\"wp-block-image size-full\"><a href=\"https:\/\/sabinereiser.de\/?page_id=7\"><img loading=\"lazy\" decoding=\"async\" width=\"40\" height=\"40\" src=\"https:\/\/sabinereiser.de\/wp-content\/uploads\/2021\/11\/back_arrow_down_s.png\" alt=\"\" class=\"wp-image-1144\"\/><\/a><\/figure>\n<\/div><\/div>\n<\/div><\/section>\n\n\n\n<p><\/p>\n","protected":false},"excerpt":{"rendered":"","protected":false},"author":1,"featured_media":742,"comment_status":"closed","ping_status":"closed","sticky":false,"template":"","format":"standard","meta":{"_uag_custom_page_level_css":"","neve_meta_sidebar":"","neve_meta_container":"","neve_meta_enable_content_width":"","neve_meta_content_width":0,"neve_meta_title_alignment":"","neve_meta_author_avatar":"","neve_post_elements_order":"[\"title\",\"content\"]","neve_meta_disable_header":"","neve_meta_disable_footer":"","neve_meta_disable_title":"","_themeisle_gutenberg_block_has_review":false,"footnotes":""},"categories":[1],"tags":[],"class_list":["post-740","post","type-post","status-publish","format-standard","has-post-thumbnail","hentry","category-uncategorized"],"uagb_featured_image_src":{"full":["https:\/\/sabinereiser.de\/wp-content\/uploads\/2021\/11\/islam_thumb.jpg",550,370,false],"thumbnail":["https:\/\/sabinereiser.de\/wp-content\/uploads\/2021\/11\/islam_thumb-150x150.jpg",150,150,true],"medium":["https:\/\/sabinereiser.de\/wp-content\/uploads\/2021\/11\/islam_thumb-300x202.jpg",300,202,true],"medium_large":["https:\/\/sabinereiser.de\/wp-content\/uploads\/2021\/11\/islam_thumb.jpg",550,370,false],"large":["https:\/\/sabinereiser.de\/wp-content\/uploads\/2021\/11\/islam_thumb.jpg",550,370,false],"1536x1536":["https:\/\/sabinereiser.de\/wp-content\/uploads\/2021\/11\/islam_thumb.jpg",550,370,false],"2048x2048":["https:\/\/sabinereiser.de\/wp-content\/uploads\/2021\/11\/islam_thumb.jpg",550,370,false],"neve-blog":["https:\/\/sabinereiser.de\/wp-content\/uploads\/2021\/11\/islam_thumb.jpg",550,370,false]},"uagb_author_info":{"display_name":"admin","author_link":"https:\/\/sabinereiser.de\/?author=1"},"uagb_comment_info":0,"uagb_excerpt":null,"_links":{"self":[{"href":"https:\/\/sabinereiser.de\/index.php?rest_route=\/wp\/v2\/posts\/740","targetHints":{"allow":["GET"]}}],"collection":[{"href":"https:\/\/sabinereiser.de\/index.php?rest_route=\/wp\/v2\/posts"}],"about":[{"href":"https:\/\/sabinereiser.de\/index.php?rest_route=\/wp\/v2\/types\/post"}],"author":[{"embeddable":true,"href":"https:\/\/sabinereiser.de\/index.php?rest_route=\/wp\/v2\/users\/1"}],"replies":[{"embeddable":true,"href":"https:\/\/sabinereiser.de\/index.php?rest_route=%2Fwp%2Fv2%2Fcomments&post=740"}],"version-history":[{"count":3,"href":"https:\/\/sabinereiser.de\/index.php?rest_route=\/wp\/v2\/posts\/740\/revisions"}],"predecessor-version":[{"id":1229,"href":"https:\/\/sabinereiser.de\/index.php?rest_route=\/wp\/v2\/posts\/740\/revisions\/1229"}],"wp:featuredmedia":[{"embeddable":true,"href":"https:\/\/sabinereiser.de\/index.php?rest_route=\/wp\/v2\/media\/742"}],"wp:attachment":[{"href":"https:\/\/sabinereiser.de\/index.php?rest_route=%2Fwp%2Fv2%2Fmedia&parent=740"}],"wp:term":[{"taxonomy":"category","embeddable":true,"href":"https:\/\/sabinereiser.de\/index.php?rest_route=%2Fwp%2Fv2%2Fcategories&post=740"},{"taxonomy":"post_tag","embeddable":true,"href":"https:\/\/sabinereiser.de\/index.php?rest_route=%2Fwp%2Fv2%2Ftags&post=740"}],"curies":[{"name":"wp","href":"https:\/\/api.w.org\/{rel}","templated":true}]}}